{"id":1599,"date":"2020-10-06T16:27:42","date_gmt":"2020-10-06T13:27:42","guid":{"rendered":"https:\/\/pdo.cumhuriyet.edu.tr\/?p=1599"},"modified":"2020-10-06T16:27:42","modified_gmt":"2020-10-06T13:27:42","slug":"sivil-toplum-diyalogu-yesil-diyaloga-yolculuk-toplantisi","status":"publish","type":"post","link":"https:\/\/pdo.cumhuriyet.edu.tr\/?p=1599","title":{"rendered":"Sivil Toplum Diyalo\u011fu Ye\u015fil Diyalo\u011fa Yolculuk Toplant\u0131s\u0131"},"content":{"rendered":"<p class=\"x_MsoNormal\">12 y\u0131ll\u0131k Sivil Toplum Diyalo\u011fu yolculu\u011fu Avrupa\u2019n\u0131n en b\u00fcy\u00fck etkinliklerinden biri olan Avrupa B\u00f6lgeler ve \u015eehirler Haftas\u0131nda tan\u0131t\u0131lacak. 21 Ekim \u00c7ar\u015famba saat 17:00\u2019de (T\u00fcrkiye saati) D\u0131\u015fi\u015fleri Bakanl\u0131\u011f\u0131 Avrupa Birli\u011fi Ba\u015fkanl\u0131\u011f\u0131 Mali \u0130\u015fbirli\u011fi ve Proje Uygulama Genel M\u00fcd\u00fcr\u00fc B\u00fclent \u00d6zcan\u2019\u0131n kat\u0131l\u0131m\u0131yla ger\u00e7ekle\u015fecek Ye\u015fil Diyalo\u011fa Yolculuk toplant\u0131s\u0131na siz de a\u015fa\u011f\u0131daki link \u00fczerinden kat\u0131labilir ve ilgili konularda \u00e7al\u0131\u015fan Avrupa\u2019dan kat\u0131l\u0131mc\u0131larla tan\u0131\u015fabilirsiniz.<\/p>\n<p class=\"x_MsoNormal\"><a href=\"https:\/\/europa.eu\/regions-and-cities\/programme\/sessions\/1551_en\" target=\"_blank\" rel=\"noopener noreferrer\" data-auth=\"NotApplicable\">https:\/\/europa.eu\/regions-and\u00a0 cities\/programme\/sessions\/1551_en<\/a><\/p>\n","protected":false},"excerpt":{"rendered":"<p>12 y\u0131ll\u0131k Sivil Toplum Diyalo\u011fu yolculu\u011fu Avrupa\u2019n\u0131n en b\u00fcy\u00fck etkinliklerinden biri olan Avrupa B\u00f6lgeler ve \u015eehirler Haftas\u0131nda tan\u0131t\u0131lacak. 21 Ekim \u00c7ar\u015famba saat 17:00\u2019de (T\u00fcrkiye saati) D\u0131\u015fi\u015fleri Bakanl\u0131\u011f\u0131 Avrupa Birli\u011fi Ba\u015fkanl\u0131\u011f\u0131 Mali \u0130\u015fbirli\u011fi ve Proje Uygulama Genel M\u00fcd\u00fcr\u00fc B\u00fclent \u00d6zcan\u2019\u0131n kat\u0131l\u0131m\u0131yla ger\u00e7ekle\u015fecek Ye\u015fil Diyalo\u011fa Yolculuk toplant\u0131s\u0131na siz de a\u015fa\u011f\u0131daki link \u00fczerinden kat\u0131labilir ve ilgili konularda \u00e7al\u0131\u015fan [&hellip;]<\/p>\n","protected":false},"author":1,"featured_media":1600,"comment_status":"open","ping_status":"open","sticky":false,"template":"","format":"standard","meta":{"footnotes":""},"categories":[7,8,1],"tags":[],"class_list":["post-1599","post","type-post","status-publish","format-standard","has-post-thumbnail","hentry","category-duyurular","category-etkinlikler","category-habeler"],"_links":{"self":[{"href":"https:\/\/pdo.cumhuriyet.edu.tr\/index.php?rest_route=\/wp\/v2\/posts\/1599","targetHints":{"allow":["GET"]}}],"collection":[{"href":"https:\/\/pdo.cumhuriyet.edu.tr\/index.php?rest_route=\/wp\/v2\/posts"}],"about":[{"href":"https:\/\/pdo.cumhuriyet.edu.tr\/index.php?rest_route=\/wp\/v2\/types\/post"}],"author":[{"embeddable":true,"href":"https:\/\/pdo.cumhuriyet.edu.tr\/index.php?rest_route=\/wp\/v2\/users\/1"}],"replies":[{"embeddable":true,"href":"https:\/\/pdo.cumhuriyet.edu.tr\/index.php?rest_route=%2Fwp%2Fv2%2Fcomments&post=1599"}],"version-history":[{"count":1,"href":"https:\/\/pdo.cumhuriyet.edu.tr\/index.php?rest_route=\/wp\/v2\/posts\/1599\/revisions"}],"predecessor-version":[{"id":1601,"href":"https:\/\/pdo.cumhuriyet.edu.tr\/index.php?rest_route=\/wp\/v2\/posts\/1599\/revisions\/1601"}],"wp:featuredmedia":[{"embeddable":true,"href":"https:\/\/pdo.cumhuriyet.edu.tr\/index.php?rest_route=\/wp\/v2\/media\/1600"}],"wp:attachment":[{"href":"https:\/\/pdo.cumhuriyet.edu.tr\/index.php?rest_route=%2Fwp%2Fv2%2Fmedia&parent=1599"}],"wp:term":[{"taxonomy":"category","embeddable":true,"href":"https:\/\/pdo.cumhuriyet.edu.tr\/index.php?rest_route=%2Fwp%2Fv2%2Fcategories&post=1599"},{"taxonomy":"post_tag","embeddable":true,"href":"https:\/\/pdo.cumhuriyet.edu.tr\/index.php?rest_route=%2Fwp%2Fv2%2Ftags&post=1599"}],"curies":[{"name":"wp","href":"https:\/\/api.w.org\/{rel}","templated":true}]}}